{"id":263,"date":"2019-01-05T22:34:43","date_gmt":"2019-01-05T19:34:43","guid":{"rendered":"http:\/\/www.nescoat.com\/?p=263"},"modified":"2019-08-02T15:54:57","modified_gmt":"2019-08-02T12:54:57","slug":"mantolamayla-enerji-tuketimi-azalacak","status":"publish","type":"post","link":"https:\/\/www.beyfix.com\/en\/mantolamayla-enerji-tuketimi-azalacak\/","title":{"rendered":"Energy consumption will decrease with jacketing!"},"content":{"rendered":"<p><strong>Binalarda mantolama \u00e7al\u0131\u015fmas\u0131 enerji t\u00fcketimini y\u00fczde 30 d\u00fc\u015f\u00fcr\u00fcyor. Enerji Verimlili\u011fi Eylem Plan\u0131&#8217;na g\u00f6re, T\u00fcrkiye\u2019nin y\u0131ll\u0131k do\u011falgaz faturas\u0131 mantolamayla 13,7 milyar dolardan 10 milyar dolara inecek.<\/strong><\/p>\n<p>Enerji Verimlili\u011fi Eylem Plan\u0131\u2019yla birlikte yeni d\u00f6nemde enerji tasarrufu sa\u011flanmak i\u00e7in harekete ge\u00e7ildi. \u00c7al\u0131\u015fmalar\u0131n en \u00f6nemlisi ise binalarda montolama yap\u0131lmas\u0131yla ba\u015fl\u0131yor. Montolama, binalarda enerji tasarrufu noktas\u0131nda kritik bir yere sahip.<\/p>\n<p>Ak\u015fam Gazetesi&#8217;nden Miray \u00c7imen&#8217;in haberine g\u00f6re, mantolama &nbsp;\u00e7al\u0131\u015fmalar\u0131yla y\u0131lda yakla\u015f\u0131k y\u00fczde 30 oran\u0131nda tasarruf sa\u011flanabiliyor. T\u00fcrkiye\u2019nin ge\u00e7en y\u0131lki do\u011falgaz t\u00fcketiminde y\u00fczde 30\u2019luk bir tasarruf yap\u0131l\u0131p 10 milyar dolarlara d\u00fc\u015f\u00fcr\u00fclmesi hedefleniyor.<\/p>\n<p>Sekt\u00f6r temsilcileri do\u011falgaz tasarrufunda ev i\u00e7i tesisat ve bina mantolamas\u0131n\u0131n \u00f6nemine dikkat \u00e7ekti. Mantolama uygulamas\u0131yla y\u00fczde 30\u2019a varan bir tasarruf planlan\u0131yor. Ortalama bir konutun y\u0131ll\u0131k t\u00fcketiminin 800 metrek\u00fcplere kadar d\u00fc\u015f\u00fcr\u00fclmesi bekleniyor.<\/p>\n<p>Enerji Verimlili\u011fi Eylem Plan\u0131 ile binalar i\u00e7in enerji t\u00fcketim verilerini i\u00e7eren bir veri taban\u0131 olu\u015fturulacak. Mevcut binalar\u0131n rehabilitasyonu ve enerji verimlili\u011finin geli\u015ftirilmesi, bina sekt\u00f6r\u00fcnde \u0131s\u0131 yal\u0131t\u0131m\u0131yla y\u00fcksek verimli pencere, ayd\u0131nlatma, beyaz e\u015fya, \u0131s\u0131 pompas\u0131, kazan ve asans\u00f6r motoru kullan\u0131m\u0131 sa\u011flanacak.<\/p>\n<p><strong>&nbsp;<\/strong><\/p>","protected":false},"excerpt":{"rendered":"<p><span class=\"big\">Donec sed augue ut tortor faucibus amet. In fermentum nulla eget iaculis fermentum? Sed ac libero eu metus lacinia pretium. Praesent ultrices consequat.<\/span><\/p>","protected":false},"author":1,"featured_media":861,"comment_status":"open","ping_status":"open","sticky":false,"template":"","format":"standard","meta":[],"categories":[24],"tags":[],"_links":{"self":[{"href":"https:\/\/www.beyfix.com\/en\/wp-json\/wp\/v2\/posts\/263"}],"collection":[{"href":"https:\/\/www.beyfix.com\/en\/wp-json\/wp\/v2\/posts"}],"about":[{"href":"https:\/\/www.beyfix.com\/en\/wp-json\/wp\/v2\/types\/post"}],"author":[{"embeddable":true,"href":"https:\/\/www.beyfix.com\/en\/wp-json\/wp\/v2\/users\/1"}],"replies":[{"embeddable":true,"href":"https:\/\/www.beyfix.com\/en\/wp-json\/wp\/v2\/comments?post=263"}],"version-history":[{"count":1,"href":"https:\/\/www.beyfix.com\/en\/wp-json\/wp\/v2\/posts\/263\/revisions"}],"predecessor-version":[{"id":862,"href":"https:\/\/www.beyfix.com\/en\/wp-json\/wp\/v2\/posts\/263\/revisions\/862"}],"wp:featuredmedia":[{"embeddable":true,"href":"https:\/\/www.beyfix.com\/en\/wp-json\/wp\/v2\/media\/861"}],"wp:attachment":[{"href":"https:\/\/www.beyfix.com\/en\/wp-json\/wp\/v2\/media?parent=263"}],"wp:term":[{"taxonomy":"category","embeddable":true,"href":"https:\/\/www.beyfix.com\/en\/wp-json\/wp\/v2\/categories?post=263"},{"taxonomy":"post_tag","embeddable":true,"href":"https:\/\/www.beyfix.com\/en\/wp-json\/wp\/v2\/tags?post=263"}],"curies":[{"name":"wp","href":"https:\/\/api.w.org\/{rel}","templated":true}]}}